{"id":6136,"date":"2024-05-28T09:48:05","date_gmt":"2024-05-28T07:48:05","guid":{"rendered":"http:\/\/rsb.musin.de\/wordpress\/?p=6136"},"modified":"2024-05-28T12:22:49","modified_gmt":"2024-05-28T10:22:49","slug":"fuer-demokratie-gegen-rassismus","status":"publish","type":"post","link":"https:\/\/rsb.musin.de\/wordpress\/2024\/05\/28\/fuer-demokratie-gegen-rassismus\/","title":{"rendered":"F\u00fcr Demokratie \u2013 Gegen Rassismus"},"content":{"rendered":"\t\t<div data-elementor-type=\"wp-post\" data-elementor-id=\"6136\" class=\"elementor elementor-6136\">\n\t\t\t\t\t\t<section class=\"elementor-section elementor-top-section elementor-element elementor-element-7732da4c elementor-section-full_width elementor-section-height-min-height elementor-section-items-stretch elementor-reverse-tablet elementor-reverse-mobile elementor-section-height-default\" data-id=\"7732da4c\" data-element_type=\"section\" data-settings=\"{&quot;background_background&quot;:&quot;classic&quot;,&quot;shape_divider_bottom&quot;:&quot;pyramids&quot;,&quot;shape_divider_bottom_negative&quot;:&quot;yes&quot;}\">\n\t\t\t\t\t\t\t<div class=\"elementor-background-overlay\"><\/div>\n\t\t\t\t\t\t<div class=\"elementor-shape elementor-shape-bottom\" aria-hidden=\"true\" data-negative=\"true\">\n\t\t\t<svg xmlns=\"http:\/\/www.w3.org\/2000\/svg\" viewBox=\"0 0 1000 100\" preserveAspectRatio=\"none\">\n\t<path class=\"elementor-shape-fill\" d=\"M761.9,40.6L643.1,24L333.9,93.8L0.1,1H0v99h1000V1\"\/>\n<\/svg>\t\t<\/div>\n\t\t\t\t\t<div class=\"elementor-container elementor-column-gap-default\">\n\t\t\t\t\t<div class=\"elementor-column elementor-col-50 elementor-top-column elementor-element elementor-element-61933078\" data-id=\"61933078\" data-element_type=\"column\">\n\t\t\t<div class=\"elementor-widget-wrap\">\n\t\t\t\t\t\t\t<\/div>\n\t\t<\/div>\n\t\t\t\t<div class=\"elementor-column elementor-col-50 elementor-top-column elementor-element elementor-element-299da627\" data-id=\"299da627\" data-element_type=\"column\">\n\t\t\t<div class=\"elementor-widget-wrap elementor-element-populated\">\n\t\t\t\t\t\t<div class=\"elementor-element elementor-element-703ce739 elementor-widget elementor-widget-heading\" data-id=\"703ce739\" data-element_type=\"widget\" data-widget_type=\"heading.default\">\n\t\t\t\t<div class=\"elementor-widget-container\">\n\t\t\t\t\t<h1 class=\"elementor-heading-title elementor-size-default\">F\u00fcr Demokratie \u2013 <\/h1>\t\t\t\t<\/div>\n\t\t\t\t<\/div>\n\t\t\t\t<div class=\"elementor-element elementor-element-26eaabc7 elementor-hidden-phone elementor-widget elementor-widget-text-editor\" data-id=\"26eaabc7\" data-element_type=\"widget\" data-widget_type=\"text-editor.default\">\n\t\t\t\t<div class=\"elementor-widget-container\">\n\t\t\t\t\t\t\t\t\t<p>Gegen Rassismus<\/p>\t\t\t\t\t\t\t\t<\/div>\n\t\t\t\t<\/div>\n\t\t\t\t\t<\/div>\n\t\t<\/div>\n\t\t\t\t\t<\/div>\n\t\t<\/section>\n\t\t\t\t<section class=\"elementor-section elementor-top-section elementor-element elementor-element-79acd961 elementor-section-boxed elementor-section-height-default elementor-section-height-default\" data-id=\"79acd961\" data-element_type=\"section\" data-settings=\"{&quot;background_background&quot;:&quot;classic&quot;}\">\n\t\t\t\t\t\t<div class=\"elementor-container elementor-column-gap-default\">\n\t\t\t\t\t<div class=\"elementor-column elementor-col-100 elementor-top-column elementor-element elementor-element-1971b82d\" data-id=\"1971b82d\" data-element_type=\"column\">\n\t\t\t<div class=\"elementor-widget-wrap elementor-element-populated\">\n\t\t\t\t\t\t<section class=\"elementor-section elementor-inner-section elementor-element elementor-element-5c71dc36 elementor-section-boxed elementor-section-height-default elementor-section-height-default\" data-id=\"5c71dc36\" data-element_type=\"section\">\n\t\t\t\t\t\t<div class=\"elementor-container elementor-column-gap-default\">\n\t\t\t\t\t<div class=\"elementor-column elementor-col-50 elementor-inner-column elementor-element elementor-element-41823316\" data-id=\"41823316\" data-element_type=\"column\">\n\t\t\t<div class=\"elementor-widget-wrap elementor-element-populated\">\n\t\t\t\t\t\t<div class=\"elementor-element elementor-element-63bf966f elementor-widget elementor-widget-text-editor\" data-id=\"63bf966f\" data-element_type=\"widget\" data-widget_type=\"text-editor.default\">\n\t\t\t\t<div class=\"elementor-widget-container\">\n\t\t\t\t\t\t\t\t\t<p style=\"font-weight: 400;\">Im Rahmen der Aktionswoche <strong>\u201eM\u00fcnchen feiert 75 Jahre Grundgesetz\u201c<\/strong> vom 13. bis zum 17. Mai 2024 fanden mehrere Initiativen statt, die die Werte und Prinzipien unserer demokratischen Gesellschaft pr\u00e4sentierten.<\/p>\t\t\t\t\t\t\t\t<\/div>\n\t\t\t\t<\/div>\n\t\t\t\t<div class=\"elementor-element elementor-element-c3aee7c elementor-hidden-phone elementor-widget elementor-widget-text-editor\" data-id=\"c3aee7c\" data-element_type=\"widget\" data-widget_type=\"text-editor.default\">\n\t\t\t\t<div class=\"elementor-widget-container\">\n\t\t\t\t\t\t\t\t\t<p>Gegen Rassismus<\/p>\t\t\t\t\t\t\t\t<\/div>\n\t\t\t\t<\/div>\n\t\t\t\t\t<\/div>\n\t\t<\/div>\n\t\t\t\t<div class=\"elementor-column elementor-col-50 elementor-inner-column elementor-element elementor-element-24ad5611\" data-id=\"24ad5611\" data-element_type=\"column\" data-settings=\"{&quot;background_background&quot;:&quot;classic&quot;}\">\n\t\t\t<div class=\"elementor-widget-wrap elementor-element-populated\">\n\t\t\t\t\t\t<div class=\"elementor-element elementor-element-1063b60 elementor-widget elementor-widget-image\" data-id=\"1063b60\" data-element_type=\"widget\" data-widget_type=\"image.default\">\n\t\t\t\t<div class=\"elementor-widget-container\">\n\t\t\t\t\t\t\t\t\t\t\t\t\t\t\t<img fetchpriority=\"high\" decoding=\"async\" width=\"640\" height=\"480\" src=\"https:\/\/rsb.musin.de\/wordpress\/wp-content\/uploads\/2024\/05\/IMG_3526.jpg\" class=\"attachment-full size-full wp-image-6141\" alt=\"\" srcset=\"https:\/\/rsb.musin.de\/wordpress\/wp-content\/uploads\/2024\/05\/IMG_3526.jpg 640w, https:\/\/rsb.musin.de\/wordpress\/wp-content\/uploads\/2024\/05\/IMG_3526-300x225.jpg 300w, https:\/\/rsb.musin.de\/wordpress\/wp-content\/uploads\/2024\/05\/IMG_3526-200x150.jpg 200w\" sizes=\"(max-width: 640px) 100vw, 640px\" \/>\t\t\t\t\t\t\t\t\t\t\t\t\t\t\t<\/div>\n\t\t\t\t<\/div>\n\t\t\t\t\t<\/div>\n\t\t<\/div>\n\t\t\t\t\t<\/div>\n\t\t<\/section>\n\t\t\t\t\t<\/div>\n\t\t<\/div>\n\t\t\t\t\t<\/div>\n\t\t<\/section>\n\t\t\t\t<section class=\"elementor-section elementor-top-section elementor-element elementor-element-55551fe elementor-section-boxed elementor-section-height-default elementor-section-height-default\" data-id=\"55551fe\" data-element_type=\"section\" data-settings=\"{&quot;background_background&quot;:&quot;classic&quot;}\">\n\t\t\t\t\t\t\t<div class=\"elementor-background-overlay\"><\/div>\n\t\t\t\t\t\t\t<div class=\"elementor-container elementor-column-gap-default\">\n\t\t\t\t\t<div class=\"elementor-column elementor-col-50 elementor-top-column elementor-element elementor-element-72f559a2\" data-id=\"72f559a2\" data-element_type=\"column\" data-settings=\"{&quot;background_background&quot;:&quot;classic&quot;}\">\n\t\t\t<div class=\"elementor-widget-wrap elementor-element-populated\">\n\t\t\t\t\t\t<section class=\"elementor-section elementor-inner-section elementor-element elementor-element-698f22c3 elementor-section-height-min-height elementor-section-boxed elementor-section-height-default\" data-id=\"698f22c3\" data-element_type=\"section\" data-settings=\"{&quot;background_background&quot;:&quot;classic&quot;}\">\n\t\t\t\t\t\t\t<div class=\"elementor-background-overlay\"><\/div>\n\t\t\t\t\t\t\t<div class=\"elementor-container elementor-column-gap-default\">\n\t\t\t\t\t<div class=\"elementor-column elementor-col-100 elementor-inner-column elementor-element elementor-element-107217a2\" data-id=\"107217a2\" data-element_type=\"column\" data-settings=\"{&quot;background_background&quot;:&quot;classic&quot;}\">\n\t\t\t<div class=\"elementor-widget-wrap\">\n\t\t\t\t\t\t\t<\/div>\n\t\t<\/div>\n\t\t\t\t\t<\/div>\n\t\t<\/section>\n\t\t\t\t\t<\/div>\n\t\t<\/div>\n\t\t\t\t<div class=\"elementor-column elementor-col-50 elementor-top-column elementor-element elementor-element-111e683f\" data-id=\"111e683f\" data-element_type=\"column\">\n\t\t\t<div class=\"elementor-widget-wrap elementor-element-populated\">\n\t\t\t\t\t\t<section class=\"elementor-section elementor-inner-section elementor-element elementor-element-1ebfd712 elementor-section-boxed elementor-section-height-default elementor-section-height-default\" data-id=\"1ebfd712\" data-element_type=\"section\">\n\t\t\t\t\t\t<div class=\"elementor-container elementor-column-gap-default\">\n\t\t\t\t\t<div class=\"elementor-column elementor-col-50 elementor-inner-column elementor-element elementor-element-61dcb264\" data-id=\"61dcb264\" data-element_type=\"column\">\n\t\t\t<div class=\"elementor-widget-wrap elementor-element-populated\">\n\t\t\t\t\t\t<div class=\"elementor-element elementor-element-71ccf27b elementor-view-default elementor-widget elementor-widget-icon\" data-id=\"71ccf27b\" data-element_type=\"widget\" data-widget_type=\"icon.default\">\n\t\t\t\t<div class=\"elementor-widget-container\">\n\t\t\t\t\t\t\t<div class=\"elementor-icon-wrapper\">\n\t\t\t<div class=\"elementor-icon\">\n\t\t\t\t\t\t\t<i class=\"fa fa-caret-down\" aria-hidden=\"true\"><\/i>\n\t\t\t\t\t\t<\/div>\n\t\t<\/div>\n\t\t\t\t\t\t<\/div>\n\t\t\t\t<\/div>\n\t\t\t\t\t<\/div>\n\t\t<\/div>\n\t\t\t\t<div class=\"elementor-column elementor-col-50 elementor-inner-column elementor-element elementor-element-7e8cc2c\" data-id=\"7e8cc2c\" data-element_type=\"column\">\n\t\t\t<div class=\"elementor-widget-wrap\">\n\t\t\t\t\t\t\t<\/div>\n\t\t<\/div>\n\t\t\t\t\t<\/div>\n\t\t<\/section>\n\t\t\t\t<div class=\"elementor-element elementor-element-678737c elementor-widget elementor-widget-text-editor\" data-id=\"678737c\" data-element_type=\"widget\" data-widget_type=\"text-editor.default\">\n\t\t\t\t<div class=\"elementor-widget-container\">\n\t\t\t\t\t\t\t\t\t<p style=\"font-weight: 400;\">Auch die Klasse 8b wurde mit ihrem BNE-Projekt \u201eF\u00fcr Demokratie \u2013 Gegen Rassismus\u201c ausgew\u00e4hlt und nahm vom 14. Mai bis zum 16. Mai gemeinsam mit ihrer Klassenleiterin (Frau Tako) an der Ausstellung im Alten Rathaus teil. Die Sch\u00fcler*innen befassten sich hierf\u00fcr mit dem Thema <em>Rassismus<\/em> in den verschiedenen Lebensbereichen (Musik, Film, Literatur, Social Media, Alltag) und veranschaulichten ihre Ergebnisse in einer PowerPoint-Pr\u00e4sentation. Anschlie\u00dfend entwickelten sie gemeinsam Ma\u00dfnahmen, um aktiv gegen Rassismus vorzugehen.<\/p>\t\t\t\t\t\t\t\t<\/div>\n\t\t\t\t<\/div>\n\t\t\t\t\t<\/div>\n\t\t<\/div>\n\t\t\t\t\t<\/div>\n\t\t<\/section>\n\t\t\t\t<section class=\"elementor-section elementor-top-section elementor-element elementor-element-345f637 elementor-section-boxed elementor-section-height-default elementor-section-height-default\" data-id=\"345f637\" data-element_type=\"section\" data-settings=\"{&quot;background_background&quot;:&quot;classic&quot;}\">\n\t\t\t\t\t\t<div class=\"elementor-container elementor-column-gap-default\">\n\t\t\t\t\t<div class=\"elementor-column elementor-col-100 elementor-top-column elementor-element elementor-element-5e04251\" data-id=\"5e04251\" data-element_type=\"column\">\n\t\t\t<div class=\"elementor-widget-wrap elementor-element-populated\">\n\t\t\t\t\t\t<section class=\"elementor-section elementor-inner-section elementor-element elementor-element-944a097 elementor-section-boxed elementor-section-height-default elementor-section-height-default\" data-id=\"944a097\" data-element_type=\"section\">\n\t\t\t\t\t\t<div class=\"elementor-container elementor-column-gap-default\">\n\t\t\t\t\t<div class=\"elementor-column elementor-col-50 elementor-inner-column elementor-element elementor-element-559ffb7\" data-id=\"559ffb7\" data-element_type=\"column\">\n\t\t\t<div class=\"elementor-widget-wrap elementor-element-populated\">\n\t\t\t\t\t\t<div class=\"elementor-element elementor-element-8e3adeb elementor-widget elementor-widget-text-editor\" data-id=\"8e3adeb\" data-element_type=\"widget\" data-widget_type=\"text-editor.default\">\n\t\t\t\t<div class=\"elementor-widget-container\">\n\t\t\t\t\t\t\t\t\t<p style=\"font-weight: 400;\">Dabei setzten sie sich intensiv mit Artikel 1 sowie Artikel 3 des Grundgesetzes auseinander und diskutierten auch die Relevanz von Zivilcourage f\u00fcr Freiheit und Demokratie. Insbesondere der selbsterstellte Videoclip, in welchem die Klasse 8b ihre pers\u00f6nlichen Erfahrungen mit rassistischen Anfeindungen im Alltag thematisierte, ersch\u00fctterte und ber\u00fchrte die gesch\u00e4tzt 1500 Besucher*innen sehr. Auch die Pr\u00e4sentation der Auswertung der anonymen Umfrage zum Thema Rassismus vom Fr\u00fchlingsfest der RSB regte insbesondere Schulklassen anderer Schulen zum Nachdenken an und f\u00fchrte innerhalb der Sch\u00fcler*innen zu einem regen Austausch \u00fcber pers\u00f6nliche Erfahrungen mit Rassismus im Alltag.<\/p>\t\t\t\t\t\t\t\t<\/div>\n\t\t\t\t<\/div>\n\t\t\t\t<div class=\"elementor-element elementor-element-2801f23 elementor-hidden-phone elementor-widget elementor-widget-text-editor\" data-id=\"2801f23\" data-element_type=\"widget\" data-widget_type=\"text-editor.default\">\n\t\t\t\t<div class=\"elementor-widget-container\">\n\t\t\t\t\t\t\t\t\t<p>Gegen Rassismus<\/p>\t\t\t\t\t\t\t\t<\/div>\n\t\t\t\t<\/div>\n\t\t\t\t\t<\/div>\n\t\t<\/div>\n\t\t\t\t<div class=\"elementor-column elementor-col-50 elementor-inner-column elementor-element elementor-element-ead74bd\" data-id=\"ead74bd\" data-element_type=\"column\" data-settings=\"{&quot;background_background&quot;:&quot;classic&quot;}\">\n\t\t\t<div class=\"elementor-widget-wrap elementor-element-populated\">\n\t\t\t\t\t\t<div class=\"elementor-element elementor-element-b14b9cb elementor-widget elementor-widget-image\" data-id=\"b14b9cb\" data-element_type=\"widget\" data-widget_type=\"image.default\">\n\t\t\t\t<div class=\"elementor-widget-container\">\n\t\t\t\t\t\t\t\t\t\t\t\t\t\t\t<img decoding=\"async\" width=\"640\" height=\"480\" src=\"https:\/\/rsb.musin.de\/wordpress\/wp-content\/uploads\/2024\/05\/IMG_3570.jpg\" class=\"attachment-full size-full wp-image-6139\" alt=\"\" srcset=\"https:\/\/rsb.musin.de\/wordpress\/wp-content\/uploads\/2024\/05\/IMG_3570.jpg 640w, https:\/\/rsb.musin.de\/wordpress\/wp-content\/uploads\/2024\/05\/IMG_3570-300x225.jpg 300w, https:\/\/rsb.musin.de\/wordpress\/wp-content\/uploads\/2024\/05\/IMG_3570-200x150.jpg 200w\" sizes=\"(max-width: 640px) 100vw, 640px\" \/>\t\t\t\t\t\t\t\t\t\t\t\t\t\t\t<\/div>\n\t\t\t\t<\/div>\n\t\t\t\t\t<\/div>\n\t\t<\/div>\n\t\t\t\t\t<\/div>\n\t\t<\/section>\n\t\t\t\t\t<\/div>\n\t\t<\/div>\n\t\t\t\t\t<\/div>\n\t\t<\/section>\n\t\t\t\t<section class=\"elementor-section elementor-top-section elementor-element elementor-element-2db49678 elementor-section-full_width elementor-section-height-min-height elementor-section-items-stretch elementor-section-height-default\" data-id=\"2db49678\" data-element_type=\"section\" data-settings=\"{&quot;background_background&quot;:&quot;classic&quot;}\">\n\t\t\t\t\t\t\t<div class=\"elementor-background-overlay\"><\/div>\n\t\t\t\t\t\t\t<div class=\"elementor-container elementor-column-gap-default\">\n\t\t\t\t\t<div class=\"elementor-column elementor-col-50 elementor-top-column elementor-element elementor-element-7df39ec1\" data-id=\"7df39ec1\" data-element_type=\"column\">\n\t\t\t<div class=\"elementor-widget-wrap elementor-element-populated\">\n\t\t\t\t\t\t<div class=\"elementor-element elementor-element-b727d4e elementor-widget elementor-widget-image\" data-id=\"b727d4e\" data-element_type=\"widget\" data-widget_type=\"image.default\">\n\t\t\t\t<div class=\"elementor-widget-container\">\n\t\t\t\t\t\t\t\t\t\t\t\t\t\t\t<img decoding=\"async\" width=\"350\" height=\"627\" src=\"https:\/\/rsb.musin.de\/wordpress\/wp-content\/uploads\/2024\/05\/RSBR.png\" class=\"attachment-large size-large wp-image-6138\" alt=\"\" srcset=\"https:\/\/rsb.musin.de\/wordpress\/wp-content\/uploads\/2024\/05\/RSBR.png 350w, https:\/\/rsb.musin.de\/wordpress\/wp-content\/uploads\/2024\/05\/RSBR-167x300.png 167w, https:\/\/rsb.musin.de\/wordpress\/wp-content\/uploads\/2024\/05\/RSBR-200x358.png 200w\" sizes=\"(max-width: 350px) 100vw, 350px\" \/>\t\t\t\t\t\t\t\t\t\t\t\t\t\t\t<\/div>\n\t\t\t\t<\/div>\n\t\t\t\t\t<\/div>\n\t\t<\/div>\n\t\t\t\t<div class=\"elementor-column elementor-col-50 elementor-top-column elementor-element elementor-element-41b1e904\" data-id=\"41b1e904\" data-element_type=\"column\">\n\t\t\t<div class=\"elementor-widget-wrap elementor-element-populated\">\n\t\t\t\t\t\t<div class=\"elementor-element elementor-element-9166ede elementor-widget__width-initial elementor-widget elementor-widget-text-editor\" data-id=\"9166ede\" data-element_type=\"widget\" data-widget_type=\"text-editor.default\">\n\t\t\t\t<div class=\"elementor-widget-container\">\n\t\t\t\t\t\t\t\t\t<p style=\"font-weight: 400;\">Die Aktualit\u00e4t der Thematik begeisterte viele interessierte Besucher*innen und Veranstalter*innen. Auch der Stadtschulrat Florian Kraus lobte die Sch\u00fcler*innen f\u00fcr ihr Engagement und ihre Pr\u00e4sentation zur F\u00f6rderung von Toleranz, Vielfalt und Achtsamkeit demokratischer Werte.<\/p>\t\t\t\t\t\t\t\t<\/div>\n\t\t\t\t<\/div>\n\t\t\t\t<div class=\"elementor-element elementor-element-4a3e024 elementor-widget elementor-widget-spacer\" data-id=\"4a3e024\" data-element_type=\"widget\" data-widget_type=\"spacer.default\">\n\t\t\t\t<div class=\"elementor-widget-container\">\n\t\t\t\t\t\t\t<div class=\"elementor-spacer\">\n\t\t\t<div class=\"elementor-spacer-inner\"><\/div>\n\t\t<\/div>\n\t\t\t\t\t\t<\/div>\n\t\t\t\t<\/div>\n\t\t\t\t\t<\/div>\n\t\t<\/div>\n\t\t\t\t\t<\/div>\n\t\t<\/section>\n\t\t\t\t<\/div>\n\t\t","protected":false},"excerpt":{"rendered":"<p>F\u00fcr Demokratie \u2013 Gegen Rassismus Im Rahmen der Aktionswoche \u201eM\u00fcnchen feiert 75 Jahre Grundgesetz\u201c vom 13. bis zum 17. Mai 2024 fanden mehrere Initiativen statt, die die Werte und Prinzipien unserer demokratischen Gesellschaft pr\u00e4sentierten. Gegen Rassismus Auch die Klasse 8b wurde mit ihrem BNE-Projekt \u201eF\u00fcr Demokratie \u2013 Gegen Rassismus\u201c ausgew\u00e4hlt und nahm vom 14. Mai [&hellip;]<\/p>\n","protected":false},"author":1,"featured_media":6142,"comment_status":"closed","ping_status":"closed","sticky":false,"template":"elementor_header_footer","format":"standard","meta":{"ocean_post_layout":"","ocean_both_sidebars_style":"","ocean_both_sidebars_content_width":0,"ocean_both_sidebars_sidebars_width":0,"ocean_sidebar":"","ocean_second_sidebar":"","ocean_disable_margins":"enable","ocean_add_body_class":"","ocean_shortcode_before_top_bar":"","ocean_shortcode_after_top_bar":"","ocean_shortcode_before_header":"","ocean_shortcode_after_header":"","ocean_has_shortcode":"","ocean_shortcode_after_title":"","ocean_shortcode_before_footer_widgets":"","ocean_shortcode_after_footer_widgets":"","ocean_shortcode_before_footer_bottom":"","ocean_shortcode_after_footer_bottom":"","ocean_display_top_bar":"default","ocean_display_header":"default","ocean_header_style":"","ocean_center_header_left_menu":"","ocean_custom_header_template":"","ocean_custom_logo":0,"ocean_custom_retina_logo":0,"ocean_custom_logo_max_width":0,"ocean_custom_logo_tablet_max_width":0,"ocean_custom_logo_mobile_max_width":0,"ocean_custom_logo_max_height":0,"ocean_custom_logo_tablet_max_height":0,"ocean_custom_logo_mobile_max_height":0,"ocean_header_custom_menu":"","ocean_menu_typo_font_family":"","ocean_menu_typo_font_subset":"","ocean_menu_typo_font_size":0,"ocean_menu_typo_font_size_tablet":0,"ocean_menu_typo_font_size_mobile":0,"ocean_menu_typo_font_size_unit":"px","ocean_menu_typo_font_weight":"","ocean_menu_typo_font_weight_tablet":"","ocean_menu_typo_font_weight_mobile":"","ocean_menu_typo_transform":"","ocean_menu_typo_transform_tablet":"","ocean_menu_typo_transform_mobile":"","ocean_menu_typo_line_height":0,"ocean_menu_typo_line_height_tablet":0,"ocean_menu_typo_line_height_mobile":0,"ocean_menu_typo_line_height_unit":"","ocean_menu_typo_spacing":0,"ocean_menu_typo_spacing_tablet":0,"ocean_menu_typo_spacing_mobile":0,"ocean_menu_typo_spacing_unit":"","ocean_menu_link_color":"","ocean_menu_link_color_hover":"","ocean_menu_link_color_active":"","ocean_menu_link_background":"","ocean_menu_link_hover_background":"","ocean_menu_link_active_background":"","ocean_menu_social_links_bg":"","ocean_menu_social_hover_links_bg":"","ocean_menu_social_links_color":"","ocean_menu_social_hover_links_color":"","ocean_disable_title":"default","ocean_disable_heading":"default","ocean_post_title":"","ocean_post_subheading":"","ocean_post_title_style":"","ocean_post_title_background_color":"","ocean_post_title_background":0,"ocean_post_title_bg_image_position":"","ocean_post_title_bg_image_attachment":"","ocean_post_title_bg_image_repeat":"","ocean_post_title_bg_image_size":"","ocean_post_title_height":0,"ocean_post_title_bg_overlay":0.5,"ocean_post_title_bg_overlay_color":"","ocean_disable_breadcrumbs":"default","ocean_breadcrumbs_color":"","ocean_breadcrumbs_separator_color":"","ocean_breadcrumbs_links_color":"","ocean_breadcrumbs_links_hover_color":"","ocean_display_footer_widgets":"default","ocean_display_footer_bottom":"default","ocean_custom_footer_template":"","ocean_post_oembed":"","ocean_post_self_hosted_media":"","ocean_post_video_embed":"","ocean_link_format":"","ocean_link_format_target":"self","ocean_quote_format":"","ocean_quote_format_link":"post","ocean_gallery_link_images":"on","ocean_gallery_id":[],"footnotes":""},"categories":[1],"tags":[],"class_list":["post-6136","post","type-post","status-publish","format-standard","has-post-thumbnail","hentry","category-allgemein","entry","has-media"],"yoast_head":"<!-- This site is optimized with the Yoast SEO plugin v26.7 - https:\/\/yoast.com\/wordpress\/plugins\/seo\/ -->\n<title>F\u00fcr Demokratie \u2013 Gegen Rassismus - Realschule an der Blutenburg<\/title>\n<meta name=\"description\" content=\"An der Realschule an der Blutenburg in M\u00fcnchen unterrichten wir mit innovativer Methodik, wegweisenden Konzepten und haben die Qualit\u00e4ten der einzelnen Sch\u00fcler*innen im Fokus. Bew\u00e4hrte Ganztagsbetreuung, das Lernhauskonzept und selbstorganisiertes Lernen bilden die Grundlage dieses Denkmusterwechsel\" \/>\n<meta name=\"robots\" content=\"index, follow, max-snippet:-1, max-image-preview:large, max-video-preview:-1\" \/>\n<link rel=\"canonical\" href=\"https:\/\/rsb.musin.de\/wordpress\/2024\/05\/28\/fuer-demokratie-gegen-rassismus\/\" \/>\n<meta property=\"og:locale\" content=\"de_DE\" \/>\n<meta property=\"og:type\" content=\"article\" \/>\n<meta property=\"og:title\" content=\"F\u00fcr Demokratie \u2013 Gegen Rassismus - Realschule an der Blutenburg\" \/>\n<meta property=\"og:description\" content=\"An der Realschule an der Blutenburg in M\u00fcnchen unterrichten wir mit innovativer Methodik, wegweisenden Konzepten und haben die Qualit\u00e4ten der einzelnen Sch\u00fcler*innen im Fokus. Bew\u00e4hrte Ganztagsbetreuung, das Lernhauskonzept und selbstorganisiertes Lernen bilden die Grundlage dieses Denkmusterwechsel\" \/>\n<meta property=\"og:url\" content=\"https:\/\/rsb.musin.de\/wordpress\/2024\/05\/28\/fuer-demokratie-gegen-rassismus\/\" \/>\n<meta property=\"og:site_name\" content=\"Realschule an der Blutenburg\" \/>\n<meta property=\"article:published_time\" content=\"2024-05-28T07:48:05+00:00\" \/>\n<meta property=\"article:modified_time\" content=\"2024-05-28T10:22:49+00:00\" \/>\n<meta property=\"og:image\" content=\"https:\/\/rsb.musin.de\/wordpress\/wp-content\/uploads\/2024\/05\/RSBR-Kopie.png\" \/>\n\t<meta property=\"og:image:width\" content=\"342\" \/>\n\t<meta property=\"og:image:height\" content=\"258\" \/>\n\t<meta property=\"og:image:type\" content=\"image\/png\" \/>\n<meta name=\"author\" content=\"admin\" \/>\n<meta name=\"twitter:card\" content=\"summary_large_image\" \/>\n<meta name=\"twitter:label1\" content=\"Verfasst von\" \/>\n\t<meta name=\"twitter:data1\" content=\"admin\" \/>\n\t<meta name=\"twitter:label2\" content=\"Gesch\u00e4tzte Lesezeit\" \/>\n\t<meta name=\"twitter:data2\" content=\"2\u00a0Minuten\" \/>\n<script type=\"application\/ld+json\" class=\"yoast-schema-graph\">{\"@context\":\"https:\/\/schema.org\",\"@graph\":[{\"@type\":\"Article\",\"@id\":\"https:\/\/rsb.musin.de\/wordpress\/2024\/05\/28\/fuer-demokratie-gegen-rassismus\/#article\",\"isPartOf\":{\"@id\":\"https:\/\/rsb.musin.de\/wordpress\/2024\/05\/28\/fuer-demokratie-gegen-rassismus\/\"},\"author\":{\"name\":\"admin\",\"@id\":\"https:\/\/rsb.musin.de\/wordpress\/#\/schema\/person\/7f16b9c8e4591996912cddb6e662c33c\"},\"headline\":\"F\u00fcr Demokratie \u2013 Gegen Rassismus\",\"datePublished\":\"2024-05-28T07:48:05+00:00\",\"dateModified\":\"2024-05-28T10:22:49+00:00\",\"mainEntityOfPage\":{\"@id\":\"https:\/\/rsb.musin.de\/wordpress\/2024\/05\/28\/fuer-demokratie-gegen-rassismus\/\"},\"wordCount\":258,\"publisher\":{\"@id\":\"https:\/\/rsb.musin.de\/wordpress\/#organization\"},\"image\":{\"@id\":\"https:\/\/rsb.musin.de\/wordpress\/2024\/05\/28\/fuer-demokratie-gegen-rassismus\/#primaryimage\"},\"thumbnailUrl\":\"https:\/\/rsb.musin.de\/wordpress\/wp-content\/uploads\/2024\/05\/RSBR-Kopie.png\",\"inLanguage\":\"de\"},{\"@type\":\"WebPage\",\"@id\":\"https:\/\/rsb.musin.de\/wordpress\/2024\/05\/28\/fuer-demokratie-gegen-rassismus\/\",\"url\":\"https:\/\/rsb.musin.de\/wordpress\/2024\/05\/28\/fuer-demokratie-gegen-rassismus\/\",\"name\":\"F\u00fcr Demokratie \u2013 Gegen Rassismus - Realschule an der Blutenburg\",\"isPartOf\":{\"@id\":\"https:\/\/rsb.musin.de\/wordpress\/#website\"},\"primaryImageOfPage\":{\"@id\":\"https:\/\/rsb.musin.de\/wordpress\/2024\/05\/28\/fuer-demokratie-gegen-rassismus\/#primaryimage\"},\"image\":{\"@id\":\"https:\/\/rsb.musin.de\/wordpress\/2024\/05\/28\/fuer-demokratie-gegen-rassismus\/#primaryimage\"},\"thumbnailUrl\":\"https:\/\/rsb.musin.de\/wordpress\/wp-content\/uploads\/2024\/05\/RSBR-Kopie.png\",\"datePublished\":\"2024-05-28T07:48:05+00:00\",\"dateModified\":\"2024-05-28T10:22:49+00:00\",\"description\":\"An der Realschule an der Blutenburg in M\u00fcnchen unterrichten wir mit innovativer Methodik, wegweisenden Konzepten und haben die Qualit\u00e4ten der einzelnen Sch\u00fcler*innen im Fokus. Bew\u00e4hrte Ganztagsbetreuung, das Lernhauskonzept und selbstorganisiertes Lernen bilden die Grundlage dieses Denkmusterwechsel\",\"breadcrumb\":{\"@id\":\"https:\/\/rsb.musin.de\/wordpress\/2024\/05\/28\/fuer-demokratie-gegen-rassismus\/#breadcrumb\"},\"inLanguage\":\"de\",\"potentialAction\":[{\"@type\":\"ReadAction\",\"target\":[\"https:\/\/rsb.musin.de\/wordpress\/2024\/05\/28\/fuer-demokratie-gegen-rassismus\/\"]}]},{\"@type\":\"ImageObject\",\"inLanguage\":\"de\",\"@id\":\"https:\/\/rsb.musin.de\/wordpress\/2024\/05\/28\/fuer-demokratie-gegen-rassismus\/#primaryimage\",\"url\":\"https:\/\/rsb.musin.de\/wordpress\/wp-content\/uploads\/2024\/05\/RSBR-Kopie.png\",\"contentUrl\":\"https:\/\/rsb.musin.de\/wordpress\/wp-content\/uploads\/2024\/05\/RSBR-Kopie.png\",\"width\":342,\"height\":258},{\"@type\":\"BreadcrumbList\",\"@id\":\"https:\/\/rsb.musin.de\/wordpress\/2024\/05\/28\/fuer-demokratie-gegen-rassismus\/#breadcrumb\",\"itemListElement\":[{\"@type\":\"ListItem\",\"position\":1,\"name\":\"Startseite\",\"item\":\"https:\/\/rsb.musin.de\/wordpress\/\"},{\"@type\":\"ListItem\",\"position\":2,\"name\":\"F\u00fcr Demokratie \u2013 Gegen Rassismus\"}]},{\"@type\":\"WebSite\",\"@id\":\"https:\/\/rsb.musin.de\/wordpress\/#website\",\"url\":\"https:\/\/rsb.musin.de\/wordpress\/\",\"name\":\"Realschule an der Blutenburg\",\"description\":\"Realschule im M\u00fcnchner Westen\",\"publisher\":{\"@id\":\"https:\/\/rsb.musin.de\/wordpress\/#organization\"},\"potentialAction\":[{\"@type\":\"SearchAction\",\"target\":{\"@type\":\"EntryPoint\",\"urlTemplate\":\"https:\/\/rsb.musin.de\/wordpress\/?s={search_term_string}\"},\"query-input\":{\"@type\":\"PropertyValueSpecification\",\"valueRequired\":true,\"valueName\":\"search_term_string\"}}],\"inLanguage\":\"de\"},{\"@type\":\"Organization\",\"@id\":\"https:\/\/rsb.musin.de\/wordpress\/#organization\",\"name\":\"Realschule an der Blutenburg\",\"url\":\"https:\/\/rsb.musin.de\/wordpress\/\",\"logo\":{\"@type\":\"ImageObject\",\"inLanguage\":\"de\",\"@id\":\"https:\/\/rsb.musin.de\/wordpress\/#\/schema\/logo\/image\/\",\"url\":\"http:\/\/www.rsb.musin.de\/wordpress\/wp-content\/uploads\/2022\/01\/favicon.png\",\"contentUrl\":\"http:\/\/www.rsb.musin.de\/wordpress\/wp-content\/uploads\/2022\/01\/favicon.png\",\"width\":180,\"height\":180,\"caption\":\"Realschule an der Blutenburg\"},\"image\":{\"@id\":\"https:\/\/rsb.musin.de\/wordpress\/#\/schema\/logo\/image\/\"}},{\"@type\":\"Person\",\"@id\":\"https:\/\/rsb.musin.de\/wordpress\/#\/schema\/person\/7f16b9c8e4591996912cddb6e662c33c\",\"name\":\"admin\",\"image\":{\"@type\":\"ImageObject\",\"inLanguage\":\"de\",\"@id\":\"https:\/\/rsb.musin.de\/wordpress\/#\/schema\/person\/image\/\",\"url\":\"https:\/\/secure.gravatar.com\/avatar\/2488f7137a47f492ac9760c47759ca0a1f9fb2f8de571073cfcb304e421583d9?s=96&d=mm&r=g\",\"contentUrl\":\"https:\/\/secure.gravatar.com\/avatar\/2488f7137a47f492ac9760c47759ca0a1f9fb2f8de571073cfcb304e421583d9?s=96&d=mm&r=g\",\"caption\":\"admin\"},\"sameAs\":[\"http:\/\/www.rsb.musin.de\/wordpress\"],\"url\":\"https:\/\/rsb.musin.de\/wordpress\/author\/admin\/\"}]}<\/script>\n<!-- \/ Yoast SEO plugin. -->","yoast_head_json":{"title":"F\u00fcr Demokratie \u2013 Gegen Rassismus - Realschule an der Blutenburg","description":"An der Realschule an der Blutenburg in M\u00fcnchen unterrichten wir mit innovativer Methodik, wegweisenden Konzepten und haben die Qualit\u00e4ten der einzelnen Sch\u00fcler*innen im Fokus. Bew\u00e4hrte Ganztagsbetreuung, das Lernhauskonzept und selbstorganisiertes Lernen bilden die Grundlage dieses Denkmusterwechsel","robots":{"index":"index","follow":"follow","max-snippet":"max-snippet:-1","max-image-preview":"max-image-preview:large","max-video-preview":"max-video-preview:-1"},"canonical":"https:\/\/rsb.musin.de\/wordpress\/2024\/05\/28\/fuer-demokratie-gegen-rassismus\/","og_locale":"de_DE","og_type":"article","og_title":"F\u00fcr Demokratie \u2013 Gegen Rassismus - Realschule an der Blutenburg","og_description":"An der Realschule an der Blutenburg in M\u00fcnchen unterrichten wir mit innovativer Methodik, wegweisenden Konzepten und haben die Qualit\u00e4ten der einzelnen Sch\u00fcler*innen im Fokus. Bew\u00e4hrte Ganztagsbetreuung, das Lernhauskonzept und selbstorganisiertes Lernen bilden die Grundlage dieses Denkmusterwechsel","og_url":"https:\/\/rsb.musin.de\/wordpress\/2024\/05\/28\/fuer-demokratie-gegen-rassismus\/","og_site_name":"Realschule an der Blutenburg","article_published_time":"2024-05-28T07:48:05+00:00","article_modified_time":"2024-05-28T10:22:49+00:00","og_image":[{"width":342,"height":258,"url":"https:\/\/rsb.musin.de\/wordpress\/wp-content\/uploads\/2024\/05\/RSBR-Kopie.png","type":"image\/png"}],"author":"admin","twitter_card":"summary_large_image","twitter_misc":{"Verfasst von":"admin","Gesch\u00e4tzte Lesezeit":"2\u00a0Minuten"},"schema":{"@context":"https:\/\/schema.org","@graph":[{"@type":"Article","@id":"https:\/\/rsb.musin.de\/wordpress\/2024\/05\/28\/fuer-demokratie-gegen-rassismus\/#article","isPartOf":{"@id":"https:\/\/rsb.musin.de\/wordpress\/2024\/05\/28\/fuer-demokratie-gegen-rassismus\/"},"author":{"name":"admin","@id":"https:\/\/rsb.musin.de\/wordpress\/#\/schema\/person\/7f16b9c8e4591996912cddb6e662c33c"},"headline":"F\u00fcr Demokratie \u2013 Gegen Rassismus","datePublished":"2024-05-28T07:48:05+00:00","dateModified":"2024-05-28T10:22:49+00:00","mainEntityOfPage":{"@id":"https:\/\/rsb.musin.de\/wordpress\/2024\/05\/28\/fuer-demokratie-gegen-rassismus\/"},"wordCount":258,"publisher":{"@id":"https:\/\/rsb.musin.de\/wordpress\/#organization"},"image":{"@id":"https:\/\/rsb.musin.de\/wordpress\/2024\/05\/28\/fuer-demokratie-gegen-rassismus\/#primaryimage"},"thumbnailUrl":"https:\/\/rsb.musin.de\/wordpress\/wp-content\/uploads\/2024\/05\/RSBR-Kopie.png","inLanguage":"de"},{"@type":"WebPage","@id":"https:\/\/rsb.musin.de\/wordpress\/2024\/05\/28\/fuer-demokratie-gegen-rassismus\/","url":"https:\/\/rsb.musin.de\/wordpress\/2024\/05\/28\/fuer-demokratie-gegen-rassismus\/","name":"F\u00fcr Demokratie \u2013 Gegen Rassismus - Realschule an der Blutenburg","isPartOf":{"@id":"https:\/\/rsb.musin.de\/wordpress\/#website"},"primaryImageOfPage":{"@id":"https:\/\/rsb.musin.de\/wordpress\/2024\/05\/28\/fuer-demokratie-gegen-rassismus\/#primaryimage"},"image":{"@id":"https:\/\/rsb.musin.de\/wordpress\/2024\/05\/28\/fuer-demokratie-gegen-rassismus\/#primaryimage"},"thumbnailUrl":"https:\/\/rsb.musin.de\/wordpress\/wp-content\/uploads\/2024\/05\/RSBR-Kopie.png","datePublished":"2024-05-28T07:48:05+00:00","dateModified":"2024-05-28T10:22:49+00:00","description":"An der Realschule an der Blutenburg in M\u00fcnchen unterrichten wir mit innovativer Methodik, wegweisenden Konzepten und haben die Qualit\u00e4ten der einzelnen Sch\u00fcler*innen im Fokus. Bew\u00e4hrte Ganztagsbetreuung, das Lernhauskonzept und selbstorganisiertes Lernen bilden die Grundlage dieses Denkmusterwechsel","breadcrumb":{"@id":"https:\/\/rsb.musin.de\/wordpress\/2024\/05\/28\/fuer-demokratie-gegen-rassismus\/#breadcrumb"},"inLanguage":"de","potentialAction":[{"@type":"ReadAction","target":["https:\/\/rsb.musin.de\/wordpress\/2024\/05\/28\/fuer-demokratie-gegen-rassismus\/"]}]},{"@type":"ImageObject","inLanguage":"de","@id":"https:\/\/rsb.musin.de\/wordpress\/2024\/05\/28\/fuer-demokratie-gegen-rassismus\/#primaryimage","url":"https:\/\/rsb.musin.de\/wordpress\/wp-content\/uploads\/2024\/05\/RSBR-Kopie.png","contentUrl":"https:\/\/rsb.musin.de\/wordpress\/wp-content\/uploads\/2024\/05\/RSBR-Kopie.png","width":342,"height":258},{"@type":"BreadcrumbList","@id":"https:\/\/rsb.musin.de\/wordpress\/2024\/05\/28\/fuer-demokratie-gegen-rassismus\/#breadcrumb","itemListElement":[{"@type":"ListItem","position":1,"name":"Startseite","item":"https:\/\/rsb.musin.de\/wordpress\/"},{"@type":"ListItem","position":2,"name":"F\u00fcr Demokratie \u2013 Gegen Rassismus"}]},{"@type":"WebSite","@id":"https:\/\/rsb.musin.de\/wordpress\/#website","url":"https:\/\/rsb.musin.de\/wordpress\/","name":"Realschule an der Blutenburg","description":"Realschule im M\u00fcnchner Westen","publisher":{"@id":"https:\/\/rsb.musin.de\/wordpress\/#organization"},"potentialAction":[{"@type":"SearchAction","target":{"@type":"EntryPoint","urlTemplate":"https:\/\/rsb.musin.de\/wordpress\/?s={search_term_string}"},"query-input":{"@type":"PropertyValueSpecification","valueRequired":true,"valueName":"search_term_string"}}],"inLanguage":"de"},{"@type":"Organization","@id":"https:\/\/rsb.musin.de\/wordpress\/#organization","name":"Realschule an der Blutenburg","url":"https:\/\/rsb.musin.de\/wordpress\/","logo":{"@type":"ImageObject","inLanguage":"de","@id":"https:\/\/rsb.musin.de\/wordpress\/#\/schema\/logo\/image\/","url":"http:\/\/www.rsb.musin.de\/wordpress\/wp-content\/uploads\/2022\/01\/favicon.png","contentUrl":"http:\/\/www.rsb.musin.de\/wordpress\/wp-content\/uploads\/2022\/01\/favicon.png","width":180,"height":180,"caption":"Realschule an der Blutenburg"},"image":{"@id":"https:\/\/rsb.musin.de\/wordpress\/#\/schema\/logo\/image\/"}},{"@type":"Person","@id":"https:\/\/rsb.musin.de\/wordpress\/#\/schema\/person\/7f16b9c8e4591996912cddb6e662c33c","name":"admin","image":{"@type":"ImageObject","inLanguage":"de","@id":"https:\/\/rsb.musin.de\/wordpress\/#\/schema\/person\/image\/","url":"https:\/\/secure.gravatar.com\/avatar\/2488f7137a47f492ac9760c47759ca0a1f9fb2f8de571073cfcb304e421583d9?s=96&d=mm&r=g","contentUrl":"https:\/\/secure.gravatar.com\/avatar\/2488f7137a47f492ac9760c47759ca0a1f9fb2f8de571073cfcb304e421583d9?s=96&d=mm&r=g","caption":"admin"},"sameAs":["http:\/\/www.rsb.musin.de\/wordpress"],"url":"https:\/\/rsb.musin.de\/wordpress\/author\/admin\/"}]}},"_links":{"self":[{"href":"https:\/\/rsb.musin.de\/wordpress\/wp-json\/wp\/v2\/posts\/6136","targetHints":{"allow":["GET"]}}],"collection":[{"href":"https:\/\/rsb.musin.de\/wordpress\/wp-json\/wp\/v2\/posts"}],"about":[{"href":"https:\/\/rsb.musin.de\/wordpress\/wp-json\/wp\/v2\/types\/post"}],"author":[{"embeddable":true,"href":"https:\/\/rsb.musin.de\/wordpress\/wp-json\/wp\/v2\/users\/1"}],"replies":[{"embeddable":true,"href":"https:\/\/rsb.musin.de\/wordpress\/wp-json\/wp\/v2\/comments?post=6136"}],"version-history":[{"count":7,"href":"https:\/\/rsb.musin.de\/wordpress\/wp-json\/wp\/v2\/posts\/6136\/revisions"}],"predecessor-version":[{"id":6151,"href":"https:\/\/rsb.musin.de\/wordpress\/wp-json\/wp\/v2\/posts\/6136\/revisions\/6151"}],"wp:featuredmedia":[{"embeddable":true,"href":"https:\/\/rsb.musin.de\/wordpress\/wp-json\/wp\/v2\/media\/6142"}],"wp:attachment":[{"href":"https:\/\/rsb.musin.de\/wordpress\/wp-json\/wp\/v2\/media?parent=6136"}],"wp:term":[{"taxonomy":"category","embeddable":true,"href":"https:\/\/rsb.musin.de\/wordpress\/wp-json\/wp\/v2\/categories?post=6136"},{"taxonomy":"post_tag","embeddable":true,"href":"https:\/\/rsb.musin.de\/wordpress\/wp-json\/wp\/v2\/tags?post=6136"}],"curies":[{"name":"wp","href":"https:\/\/api.w.org\/{rel}","templated":true}]}}